[{"@context":"https:\/\/schema.org\/","@type":"Article","@id":"https:\/\/www.kuru.cz\/ucetnictvi\/#Article","mainEntityOfPage":"https:\/\/www.kuru.cz\/ucetnictvi\/","headline":"\u00da\u010detnictv\u00ed","name":"\u00da\u010detnictv\u00ed","description":"Mysl\u00edte si, \u017ee kvalitn\u00ed firma m\u016f\u017ee slou\u017eit bez toho, aby ho vedlo kvalitn\u00ed \u00fa\u010detnictv\u00ed? Tento druh administrativy je velice d\u016fle\u017eit\u00fd, a je jen na v\u00e1s, jak se k n\u011bmu postav\u00edte.&hellip;","datePublished":"2025-03-10","dateModified":"2025-03-10","author":{"@type":"Person","@id":"https:\/\/www.kuru.cz\/author\/#Person","name":"","url":"https:\/\/www.kuru.cz\/author\/","identifier":1,"image":{"@type":"ImageObject","@id":"https:\/\/secure.gravatar.com\/avatar\/4860d213c5bedfa07ff2b166ff7b069759f9dbf79eae813578c75f9f8cb939b7?s=96&d=mm&r=g","url":"https:\/\/secure.gravatar.com\/avatar\/4860d213c5bedfa07ff2b166ff7b069759f9dbf79eae813578c75f9f8cb939b7?s=96&d=mm&r=g","height":96,"width":96}},"publisher":{"@type":"Organization","name":"kuru.cz","logo":{"@type":"ImageObject","@id":"\/logo.png","url":"\/logo.png","width":600,"height":60}},"url":"https:\/\/www.kuru.cz\/ucetnictvi\/","wordCount":187,"articleBody":"Mysl\u00edte si, \u017ee kvalitn\u00ed firma m\u016f\u017ee slou\u017eit bez toho, aby ho vedlo kvalitn\u00ed \u00fa\u010detnictv\u00ed? Tento druh administrativy je velice d\u016fle\u017eit\u00fd, a je jen na v\u00e1s, jak se k n\u011bmu postav\u00edte. Bu\u010f si m\u016f\u017eete najmout pracovn\u00edka, anebo to nechat n\u00e1m, a to se zaru\u010den\u00fdm v\u00fdsledkem.Kdy\u017e vyu\u017eijete na\u0161e slu\u017eby, m\u016f\u017eete si b\u00fdt jisti, \u017ee va\u0161e \u00fa\u010detnictv\u00ed bude jen v t\u00e9 nejp\u0159\u00edjemn\u011bj\u0161\u00ed hladin\u011b, proto\u017ee my v\u00e1m zaji\u0161\u0165ujeme absolutn\u011b profesion\u00e1ln\u00ed p\u0159\u00edstup, a u\u017e v jak\u00e9mkoliv stavu. A proto nemus\u00edte m\u00edt starosti s t\u00edm, jestli va\u0161e firma bude jet podle va\u0161eho pl\u00e1nuLevn\u011b a s v\u00fdhodami\u00da\u010detnictv\u00ed je to nejlep\u0161\u00ed, co v\u00e1m na\u0161e firma m\u016f\u017ee nab\u00eddnout. Zaj\u00edm\u00e1me se o tento druh administrativy ji\u017e dlouhou dobu, a proto v\u00edme, co se sm\u00ed, a co se nesm\u00ed a pr\u00e1v\u011b to m\u00e1 za n\u00e1sledek, \u017ee na\u0161i pr\u00e1ci odv\u00e1d\u00edme poctiv\u011b, rychle a s p\u0159esnost\u00ed.                                                                                                                                                                                                                                                                                                                                                                                        5\/5 - (1 vote)        "},{"@context":"https:\/\/schema.org\/","@type":"BreadcrumbList","itemListElement":[{"@type":"ListItem","position":1,"name":"\u00da\u010detnictv\u00ed","item":"https:\/\/www.kuru.cz\/ucetnictvi\/#breadcrumbitem"}]}]