[{"@context":"https:\/\/schema.org\/","@type":"Article","@id":"https:\/\/www.kuru.cz\/tesite-se\/#Article","mainEntityOfPage":"https:\/\/www.kuru.cz\/tesite-se\/","headline":"T\u011b\u0161\u00edte se?","name":"T\u011b\u0161\u00edte se?","description":"Ka&Aring;&frac34;d&Atilde;&frac12; je nad&Aring;&iexcl;en&Atilde;&frac12;, kdy&Aring;&frac34; se nastane ta velk&Atilde;&iexcl; chv&Atilde;&shy;le, ale co ji p&Aring;&#8482;edch&Atilde;&iexcl;z&Atilde;&shy;? Samoz&Aring;&#8482;ejm&Auml;&#8250; l&Atilde;&iexcl;ska, kter&Atilde;&iexcl; n&Atilde;&iexcl;s prov&Atilde;&iexcl;z&Atilde;&shy; cel&Atilde;&frac12;m na&Aring;&iexcl;im &Aring;&frac34;ivotem. Od &Atilde;&ordm;tl&Atilde;&copy;ho v&Auml;&#8250;ku se u&Auml;&Atilde;&shy;me, jak b&Atilde;&frac12;t na lidi&hellip;","datePublished":"2023-02-18","dateModified":"2024-02-19","author":{"@type":"Person","@id":"https:\/\/www.kuru.cz\/author\/#Person","name":"","url":"https:\/\/www.kuru.cz\/author\/","identifier":1,"image":{"@type":"ImageObject","@id":"https:\/\/secure.gravatar.com\/avatar\/4860d213c5bedfa07ff2b166ff7b069759f9dbf79eae813578c75f9f8cb939b7?s=96&d=mm&r=g","url":"https:\/\/secure.gravatar.com\/avatar\/4860d213c5bedfa07ff2b166ff7b069759f9dbf79eae813578c75f9f8cb939b7?s=96&d=mm&r=g","height":96,"width":96}},"publisher":{"@type":"Organization","name":"kuru.cz","logo":{"@type":"ImageObject","@id":"\/logo.png","url":"\/logo.png","width":600,"height":60}},"url":"https:\/\/www.kuru.cz\/tesite-se\/","wordCount":651,"articleBody":"\tKa&Aring;&frac34;d&Atilde;&frac12; je nad&Aring;&iexcl;en&Atilde;&frac12;, kdy&Aring;&frac34; se nastane ta velk&Atilde;&iexcl; chv&Atilde;&shy;le, ale co ji p&Aring;&#8482;edch&Atilde;&iexcl;z&Atilde;&shy;? Samoz&Aring;&#8482;ejm&Auml;&#8250; l&Atilde;&iexcl;ska, kter&Atilde;&iexcl; n&Atilde;&iexcl;s prov&Atilde;&iexcl;z&Atilde;&shy; cel&Atilde;&frac12;m na&Aring;&iexcl;im &Aring;&frac34;ivotem. Od &Atilde;&ordm;tl&Atilde;&copy;ho v&Auml;&#8250;ku se u&Auml;&Atilde;&shy;me, jak b&Atilde;&frac12;t na lidi kolem sebe mil&Atilde;&shy;, jak&Atilde;&frac12;mi slovy m&Aring;&macr;&Aring;&frac34;eme ubl&Atilde;&shy;&Aring;&frac34;it a jak&Atilde;&copy; se zkr&Atilde;&iexcl;tka ostatn&Atilde;&shy;m ne&Aring;&#8482;&Atilde;&shy;kaj&Atilde;&shy;, proto&Aring;&frac34;e by mohly hodn&Auml;&#8250; bolet. Vy&Aring;&#8482;&Auml;en&Atilde;&copy; slovo u&Aring;&frac34; nikdy nevezmete zp&Atilde;&iexcl;tky, ani p&Atilde;&iexcl;rem vol&Aring;&macr;, to nap&Aring;&#8482;&Atilde;&shy;klad m&Auml;&#8250; p&Atilde;&iexcl;rkr&Atilde;&iexcl;t &Aring;&#8482;ekla moje maminka, a to jsme si nikdy ne&Aring;&#8482;ekly nic tak &Aring;&iexcl;kared&Atilde;&copy;ho, abychom na sebe musely b&Atilde;&frac12;t na&Aring;&iexcl;tvan&Atilde;&copy;, ani nikdy nic sprost&Atilde;&copy;ho, proto&Aring;&frac34;e to by si v&Acirc;&nbsp;&Aring;&frac34;ivot&Auml;&#8250; &Auml;lov&Auml;&#8250;k nedovolil, ale v&Acirc;&nbsp;dne&Aring;&iexcl;n&Atilde;&shy; dob&Auml;&#8250; je to zase trochu jin&Atilde;&copy;, i kdy&Aring;&frac34; n&Auml;&#8250;kter&Atilde;&copy; v&Auml;&#8250;ci z&Aring;&macr;st&Atilde;&iexcl;vaj&Atilde;&shy; stejn&Atilde;&copy; nebo by se m&Auml;&#8250;nit nem&Auml;&#8250;ly a t&Atilde;&shy;m zrovna m&Atilde;&iexcl;me na mysli i &Atilde;&ordm;ctu ke sv&Atilde;&frac12;m rodi&Auml;&Aring;&macr;m. Proto n&Atilde;&iexcl;s tak&Atilde;&copy; l&Atilde;&iexcl;ska obklopuje u&Aring;&frac34; od d&Auml;&#8250;tstv&Atilde;&shy;, kdy n&Atilde;&iexcl;s miluj&Atilde;&shy; na&Aring;&iexcl;i rodi&Auml;e a d&Atilde;&iexcl;vaj&Atilde;&shy; n&Atilde;&iexcl;m pot&Aring;&#8482;ebou l&Atilde;&iexcl;sku, abychom i my ji jednou mohli rozd&Atilde;&iexcl;vat a um&Auml;&#8250;t milovat.\tL&Atilde;&iexcl;ska proch&Atilde;&iexcl;z&Atilde;&shy; na&Aring;&iexcl;imi &Aring;&frac34;ivotyA&Aring;&frac34; jednoho dne pozn&Atilde;&iexcl;te tak&Atilde;&copy; svou l&Atilde;&iexcl;sku, kter&Atilde;&iexcl; bude po va&Aring;&iexcl;em boku od doby, co se prvn&Auml;&#8250; uvid&Atilde;&shy;te, p&Aring;&#8482;es dobu, kdy spolu budete randit a chodit a&Aring;&frac34; do doby, kdy to bude v&Atilde;&iexcl;&Aring;&frac34;n&Auml;&#8250;j&Aring;&iexcl;&Atilde;&shy;. Budete spolu bydlet nebo m&Atilde;&shy;t d&Auml;&#8250;ti, proto&Aring;&frac34;e dneska posloupnost t&Auml;&#8250;chto ud&Atilde;&iexcl;lost&Atilde;&shy; nen&Atilde;&shy; ni&Auml;&Atilde;&shy;m d&Atilde;&iexcl;na, a nakonec mo&Aring;&frac34;n&Atilde;&iexcl; dojdete i do doby, kdy budete cht&Atilde;&shy;t b&Atilde;&frac12;t svoji. To se l&Atilde;&iexcl;ska rozvine je&Aring;&iexcl;t&Auml;&#8250; v&Atilde;&shy;ce a vydr&Aring;&frac34;&Atilde;&shy;, snad u&Aring;&frac34; nav&Auml;&#8250;ky. Od toho se tak&Atilde;&copy; &Aring;&frac34;eny na tuto velkou ud&Atilde;&iexcl;lost n&Atilde;&iexcl;le&Aring;&frac34;it&Auml;&#8250; t&Auml;&#8250;&Aring;&iexcl;&Atilde;&shy;. Zkr&Atilde;&iexcl;&Aring;&iexcl;luj&Atilde;&shy; se a p&Aring;&macr;j&Auml;uj&Atilde;&shy; svatebn&Atilde;&shy; &Aring;&iexcl;aty, aby vypadaly n&Atilde;&iexcl;dhern&Auml;&#8250;. A tak&Atilde;&copy; jsou v&Acirc;&nbsp;tento den jedine&Auml;n&Atilde;&copy; a naprosto &Atilde;&ordm;chvatn&Atilde;&copy;.&Acirc;&nbsp;                                                                                                                                                                                                                                                                                                                                                                                        3.6\/5 - (14 votes)        "},{"@context":"https:\/\/schema.org\/","@type":"BreadcrumbList","itemListElement":[{"@type":"ListItem","position":1,"name":"T\u011b\u0161\u00edte se?","item":"https:\/\/www.kuru.cz\/tesite-se\/#breadcrumbitem"}]}]