[{"@context":"https:\/\/schema.org\/","@type":"Article","@id":"https:\/\/www.kuru.cz\/stehujeme-se-na-chatu-a-nemame-kam-dat-vsechny-veci\/#Article","mainEntityOfPage":"https:\/\/www.kuru.cz\/stehujeme-se-na-chatu-a-nemame-kam-dat-vsechny-veci\/","headline":"St\u011bhujeme se na chatu a nem\u00e1me kam d\u00e1t v\u0161echny v\u011bci","name":"St\u011bhujeme se na chatu a nem\u00e1me kam d\u00e1t v\u0161echny v\u011bci","description":"Zd\u011bdili jste po rodi\u010d\u00edch \u010di p\u0159\u00edbuzn\u00fdch rekrea\u010dn\u00ed nemovitost a cht\u011bli byste se tam co nejd\u0159\u00edve nast\u011bhovat? Nap\u0159\u00edklad v situaci, kdy plat\u00edte drah\u00fd n\u00e1jem v m\u011bstsk\u00e9m byt\u011b, a nav\u00edc je chata&hellip;","datePublished":"2023-03-19","dateModified":"2023-03-19","author":{"@type":"Person","@id":"https:\/\/www.kuru.cz\/author\/#Person","name":"","url":"https:\/\/www.kuru.cz\/author\/","identifier":1,"image":{"@type":"ImageObject","@id":"https:\/\/secure.gravatar.com\/avatar\/4860d213c5bedfa07ff2b166ff7b069759f9dbf79eae813578c75f9f8cb939b7?s=96&d=mm&r=g","url":"https:\/\/secure.gravatar.com\/avatar\/4860d213c5bedfa07ff2b166ff7b069759f9dbf79eae813578c75f9f8cb939b7?s=96&d=mm&r=g","height":96,"width":96}},"publisher":{"@type":"Organization","name":"kuru.cz","logo":{"@type":"ImageObject","@id":"\/logo.png","url":"\/logo.png","width":600,"height":60}},"image":{"@type":"ImageObject","@id":"https:\/\/www.kuru.cz\/wp-content\/uploads\/hamburg-gdfacc24d1_640.jpg","url":"https:\/\/www.kuru.cz\/wp-content\/uploads\/hamburg-gdfacc24d1_640.jpg","height":0,"width":0},"url":"https:\/\/www.kuru.cz\/stehujeme-se-na-chatu-a-nemame-kam-dat-vsechny-veci\/","about":["Business"],"wordCount":425,"articleBody":"        Zd\u011bdili jste po rodi\u010d\u00edch \u010di p\u0159\u00edbuzn\u00fdch rekrea\u010dn\u00ed nemovitost a cht\u011bli byste se tam co nejd\u0159\u00edve nast\u011bhovat? Nap\u0159\u00edklad v situaci, kdy plat\u00edte drah\u00fd n\u00e1jem v m\u011bstsk\u00e9m byt\u011b, a nav\u00edc je chata na tak p\u011bkn\u00e9m m\u00edst\u011b, s v\u00fdhledem na \u0159eku, \u017ee v\u00e1s ji\u017e do m\u011bsta opravdu nic net\u00e1hne? Jestli\u017ee to vy\u0159e\u0161\u00edte po administrativn\u00ed str\u00e1nce, pak v\u00e1m nic nebr\u00e1n\u00ed v tom do chaty zam\u00ed\u0159it v dohledn\u00e9 dob\u011b, a zajist\u00edte-li si i vyt\u00e1p\u011bn\u00ed, budete tu moci p\u0159e\u010dkat prvn\u00ed zimu.Jen\u017ee jak to ud\u011blat, kdy\u017e je chata pln\u00e1 v\u011bc\u00ed, vy m\u00e1te tak\u00e9 byt pln\u00fd v\u011bc\u00ed a pot\u0159ebujete \u010das na jejich t\u0159\u00edd\u011bn\u00ed, co\u017e v\u00e1m ov\u0161em zbyte\u010dn\u011b prodlu\u017euje pobyt ve m\u011bst\u011b a plat\u00edte zas drah\u00e9 n\u00e1jemn\u00e9? Zkuste to s pron\u00e1jmem lodn\u00edch kontejner\u016f. Jestli\u017ee v\u00e1s vyjde levn\u011bji, ne\u017e n\u00e1jemn\u00e9 v byt\u011b, je to vhodn\u00e1 volba, kam ulo\u017eit na p\u0159echodnou dobu va\u0161e bytov\u00e9 vybaven\u00ed.Kontejnery jsou skladn\u00e9 \u2013 kontejner lze p\u0159irovnat sv\u00fdm objemem k m\u00edstnosti o plo\u0161n\u00fdch rozm\u011brech 3 x 5 metr\u016f, co\u017e je zhruba ob\u00fdvac\u00ed pokoj m\u011bstsk\u00e9ho bytu, a tak si pak snadno ud\u011bl\u00e1te p\u0159edstavu, co se do n\u011bj m\u016f\u017ee vej\u00edt. Jedin\u00fd kontejner v\u00e1m m\u016f\u017ee vysta\u010dit na za\u0159\u00edzen\u00ed dvoupokojov\u00e9ho bytu, pokud jste \u0161ikovn\u00ed a \u0161et\u0159\u00edte s m\u00edstem.Nevy\u017eaduj\u00ed \u017e\u00e1dnou \u00fadr\u017ebu \u2013 po p\u0159istaven\u00ed kontejneru na v\u00e1\u0161 pozemek nebude vy\u017eadov\u00e1na \u017e\u00e1dn\u00e1 \u00fadr\u017eba \u2013 n\u00e1t\u011bry, brou\u0161en\u00ed, lakov\u00e1n\u00ed, penetrace atp. Vy si pouze dovnit\u0159 ulo\u017e\u00edte v\u011bci a ponech\u00e1te je tam po dobu, kterou s pronaj\u00edmatelem p\u0159edem dohodnete. Nav\u00edc m\u00e1te k dispozici uzamykateln\u00e1 vrata, kter\u00e1 zabezpe\u010duj\u00ed vstup do kontejneru p\u0159ed nezvan\u00fdmi hosty.V\u011bci jsou uvnit\u0159 v bezpe\u010d\u00ed \u2013 s kontejnery se po\u010d\u00edt\u00e1, \u017ee budou chr\u00e1nit ulo\u017een\u00e9 v\u011bci v pr\u016fb\u011bhu p\u0159epravy po sou\u0161i, vzduchem i po mo\u0159i, b\u011b\u017en\u011b se nakl\u00e1daj\u00ed na paluby zaoce\u00e1nsk\u00fdch lod\u00ed, kter\u00e9 bi\u010duj\u00ed siln\u00e9 v\u011btry, kde p\u016fsob\u00ed prosolen\u00fd vlhk\u00fd mo\u0159sk\u00fd vzduch a ob\u010das p\u0159ijde na \u0159adu i bou\u0159e. Pro\u010d by si tedy kontejner neporadil i s docela \u201eoby\u010dejn\u00fdm\u201c suchozemsk\u00fdm de\u0161t\u011bm, v\u011btrem a prachem?                                                                                                                                                                                                                                                                                                                                                                                          4\/5 - (7 votes)        "},{"@context":"https:\/\/schema.org\/","@type":"BreadcrumbList","itemListElement":[{"@type":"ListItem","position":1,"name":"St\u011bhujeme se na chatu a nem\u00e1me kam d\u00e1t v\u0161echny v\u011bci","item":"https:\/\/www.kuru.cz\/stehujeme-se-na-chatu-a-nemame-kam-dat-vsechny-veci\/#breadcrumbitem"}]}]