[{"@context":"https:\/\/schema.org\/","@type":"Blog","@id":"https:\/\/www.kuru.cz#Blog","headline":"Kuru","description":"\nKa\u017ed\u00e1 internetov\u00e1 str\u00e1nka a ka\u017ed\u00fd web vznikly s ur\u010dit\u00fdm z\u00e1m\u011brem. A posl\u00e1n\u00edm na\u0161eho webu je pomoci v\u00e1m s \u0159e\u0161en\u00edm toho, na co mo\u017en\u00e1 sami nesta\u010d\u00edte.","url":"https:\/\/www.kuru.cz","hasPart":[{"@type":"Article","@id":"https:\/\/www.kuru.cz\/krasa-v-lidech\/","headline":"Kr\u00e1sa v lidech","url":"https:\/\/www.kuru.cz\/krasa-v-lidech\/","datePublished":"2022-11-09","dateModified":"2023-06-12","mainEntityOfPage":"https:\/\/www.kuru.cz\/krasa-v-lidech\/","author":{"@type":"Person","@id":"https:\/\/www.kuru.cz\/author\/#Person","name":"","url":"https:\/\/www.kuru.cz\/author\/","identifier":1,"image":{"@type":"ImageObject","@id":"https:\/\/secure.gravatar.com\/avatar\/4860d213c5bedfa07ff2b166ff7b069759f9dbf79eae813578c75f9f8cb939b7?s=96&d=mm&r=g","url":"https:\/\/secure.gravatar.com\/avatar\/4860d213c5bedfa07ff2b166ff7b069759f9dbf79eae813578c75f9f8cb939b7?s=96&d=mm&r=g","height":96,"width":96}},"publisher":{"@type":"Organization","name":"kuru.cz","logo":{"@type":"ImageObject","@id":"\/logo.png","url":"\/logo.png","width":600,"height":60}},"image":{"@type":"ImageObject","@id":"https:\/\/www.kuru.cz\/wp-content\/uploads\/woman-2197947_1280.jpg","url":"https:\/\/www.kuru.cz\/wp-content\/uploads\/woman-2197947_1280.jpg","height":0,"width":0},"wordCount":544,"keywords":null},{"@type":"Article","@id":"https:\/\/www.kuru.cz\/hled-si-sveho\/","headline":"Hle\u010f si sv\u00e9ho","url":"https:\/\/www.kuru.cz\/hled-si-sveho\/","datePublished":"2022-10-22","dateModified":"2022-10-22","mainEntityOfPage":"https:\/\/www.kuru.cz\/hled-si-sveho\/","author":{"@type":"Person","@id":"https:\/\/www.kuru.cz\/author\/#Person","name":"","url":"https:\/\/www.kuru.cz\/author\/","identifier":1,"image":{"@type":"ImageObject","@id":"https:\/\/secure.gravatar.com\/avatar\/4860d213c5bedfa07ff2b166ff7b069759f9dbf79eae813578c75f9f8cb939b7?s=96&d=mm&r=g","url":"https:\/\/secure.gravatar.com\/avatar\/4860d213c5bedfa07ff2b166ff7b069759f9dbf79eae813578c75f9f8cb939b7?s=96&d=mm&r=g","height":96,"width":96}},"publisher":{"@type":"Organization","name":"kuru.cz","logo":{"@type":"ImageObject","@id":"\/logo.png","url":"\/logo.png","width":600,"height":60}},"image":{"@type":"ImageObject","@id":"https:\/\/www.kuru.cz\/wp-content\/uploads\/apples-g4d5ecfc98_640.jpg","url":"https:\/\/www.kuru.cz\/wp-content\/uploads\/apples-g4d5ecfc98_640.jpg","height":0,"width":0},"wordCount":519,"keywords":null},{"@type":"Article","@id":"https:\/\/www.kuru.cz\/vybava-na-zimu-je-dulezita\/","headline":"V\u00fdbava na zimu je d\u016fle\u017eit\u00e1","url":"https:\/\/www.kuru.cz\/vybava-na-zimu-je-dulezita\/","datePublished":"2022-10-22","dateModified":"2022-10-22","mainEntityOfPage":"https:\/\/www.kuru.cz\/vybava-na-zimu-je-dulezita\/","author":{"@type":"Person","@id":"https:\/\/www.kuru.cz\/author\/#Person","name":"","url":"https:\/\/www.kuru.cz\/author\/","identifier":1,"image":{"@type":"ImageObject","@id":"https:\/\/secure.gravatar.com\/avatar\/4860d213c5bedfa07ff2b166ff7b069759f9dbf79eae813578c75f9f8cb939b7?s=96&d=mm&r=g","url":"https:\/\/secure.gravatar.com\/avatar\/4860d213c5bedfa07ff2b166ff7b069759f9dbf79eae813578c75f9f8cb939b7?s=96&d=mm&r=g","height":96,"width":96}},"publisher":{"@type":"Organization","name":"kuru.cz","logo":{"@type":"ImageObject","@id":"\/logo.png","url":"\/logo.png","width":600,"height":60}},"image":{"@type":"ImageObject","@id":"https:\/\/www.kuru.cz\/wp-content\/uploads\/beh_1.png","url":"https:\/\/www.kuru.cz\/wp-content\/uploads\/beh_1.png","height":0,"width":0},"wordCount":541,"keywords":null},{"@type":"Article","@id":"https:\/\/www.kuru.cz\/plesove-saty-pro-tuto-sezonu\/","headline":"Plesov\u00e9 \u0161aty pro tuto sezonu","url":"https:\/\/www.kuru.cz\/plesove-saty-pro-tuto-sezonu\/","datePublished":"2022-09-30","dateModified":"2022-09-30","mainEntityOfPage":"https:\/\/www.kuru.cz\/plesove-saty-pro-tuto-sezonu\/","author":{"@type":"Person","@id":"https:\/\/www.kuru.cz\/author\/#Person","name":"","url":"https:\/\/www.kuru.cz\/author\/","identifier":1,"image":{"@type":"ImageObject","@id":"https:\/\/secure.gravatar.com\/avatar\/4860d213c5bedfa07ff2b166ff7b069759f9dbf79eae813578c75f9f8cb939b7?s=96&d=mm&r=g","url":"https:\/\/secure.gravatar.com\/avatar\/4860d213c5bedfa07ff2b166ff7b069759f9dbf79eae813578c75f9f8cb939b7?s=96&d=mm&r=g","height":96,"width":96}},"publisher":{"@type":"Organization","name":"kuru.cz","logo":{"@type":"ImageObject","@id":"\/logo.png","url":"\/logo.png","width":600,"height":60}},"image":{"@type":"ImageObject","@id":"https:\/\/www.kuru.cz\/wp-content\/uploads\/ball-g0d25c9102_1920.jpg","url":"https:\/\/www.kuru.cz\/wp-content\/uploads\/ball-g0d25c9102_1920.jpg","height":0,"width":0},"wordCount":545,"keywords":null},{"@type":"Article","@id":"https:\/\/www.kuru.cz\/uceni-hrou\/","headline":"U\u010den\u00ed hrou","url":"https:\/\/www.kuru.cz\/uceni-hrou\/","datePublished":"2022-03-17","dateModified":"2022-03-17","mainEntityOfPage":"https:\/\/www.kuru.cz\/uceni-hrou\/","author":{"@type":"Person","@id":"https:\/\/www.kuru.cz\/author\/#Person","name":"","url":"https:\/\/www.kuru.cz\/author\/","identifier":1,"image":{"@type":"ImageObject","@id":"https:\/\/secure.gravatar.com\/avatar\/4860d213c5bedfa07ff2b166ff7b069759f9dbf79eae813578c75f9f8cb939b7?s=96&d=mm&r=g","url":"https:\/\/secure.gravatar.com\/avatar\/4860d213c5bedfa07ff2b166ff7b069759f9dbf79eae813578c75f9f8cb939b7?s=96&d=mm&r=g","height":96,"width":96}},"publisher":{"@type":"Organization","name":"kuru.cz","logo":{"@type":"ImageObject","@id":"\/logo.png","url":"\/logo.png","width":600,"height":60}},"image":{"@type":"ImageObject","@id":"https:\/\/www.kuru.cz\/wp-content\/uploads\/griffin-gbffe5a5b1_640_1.png","url":"https:\/\/www.kuru.cz\/wp-content\/uploads\/griffin-gbffe5a5b1_640_1.png","height":0,"width":0},"wordCount":556,"keywords":null},{"@type":"Article","@id":"https:\/\/www.kuru.cz\/strecha-ktera-do-zahrady-patri\/","headline":"St\u0159echa, kter\u00e1 do zahrady pat\u0159\u00ed","url":"https:\/\/www.kuru.cz\/strecha-ktera-do-zahrady-patri\/","datePublished":"2021-06-16","dateModified":"2021-06-16","mainEntityOfPage":"https:\/\/www.kuru.cz\/strecha-ktera-do-zahrady-patri\/","author":{"@type":"Person","@id":"https:\/\/www.kuru.cz\/author\/#Person","name":"","url":"https:\/\/www.kuru.cz\/author\/","identifier":1,"image":{"@type":"ImageObject","@id":"https:\/\/secure.gravatar.com\/avatar\/4860d213c5bedfa07ff2b166ff7b069759f9dbf79eae813578c75f9f8cb939b7?s=96&d=mm&r=g","url":"https:\/\/secure.gravatar.com\/avatar\/4860d213c5bedfa07ff2b166ff7b069759f9dbf79eae813578c75f9f8cb939b7?s=96&d=mm&r=g","height":96,"width":96}},"publisher":{"@type":"Organization","name":"kuru.cz","logo":{"@type":"ImageObject","@id":"\/logo.png","url":"\/logo.png","width":600,"height":60}},"image":{"@type":"ImageObject","@id":"https:\/\/www.kuru.cz\/wp-content\/uploads\/Pergola%20ze%20d%C5%99eva.jpg","url":"https:\/\/www.kuru.cz\/wp-content\/uploads\/Pergola%20ze%20d%C5%99eva.jpg","height":0,"width":0},"wordCount":619,"keywords":null},{"@type":"Article","@id":"https:\/\/www.kuru.cz\/pozor-na-elektrinu\/","headline":"Pozor na elekt\u0159inu","url":"https:\/\/www.kuru.cz\/pozor-na-elektrinu\/","datePublished":"2021-02-18","dateModified":"2021-02-18","mainEntityOfPage":"https:\/\/www.kuru.cz\/pozor-na-elektrinu\/","author":{"@type":"Person","@id":"https:\/\/www.kuru.cz\/author\/#Person","name":"","url":"https:\/\/www.kuru.cz\/author\/","identifier":1,"image":{"@type":"ImageObject","@id":"https:\/\/secure.gravatar.com\/avatar\/4860d213c5bedfa07ff2b166ff7b069759f9dbf79eae813578c75f9f8cb939b7?s=96&d=mm&r=g","url":"https:\/\/secure.gravatar.com\/avatar\/4860d213c5bedfa07ff2b166ff7b069759f9dbf79eae813578c75f9f8cb939b7?s=96&d=mm&r=g","height":96,"width":96}},"publisher":{"@type":"Organization","name":"kuru.cz","logo":{"@type":"ImageObject","@id":"\/logo.png","url":"\/logo.png","width":600,"height":60}},"image":{"@type":"ImageObject","@id":"https:\/\/www.kuru.cz\/wp-content\/uploads\/elektrick%C3%A1%20za%C5%99%C3%ADzen%C3%AD.jpg","url":"https:\/\/www.kuru.cz\/wp-content\/uploads\/elektrick%C3%A1%20za%C5%99%C3%ADzen%C3%AD.jpg","height":0,"width":0},"wordCount":589,"keywords":null},{"@type":"Article","@id":"https:\/\/www.kuru.cz\/jak-koncipovat-zlata-cisla-mobilu\/","headline":"Jak koncipovat zlat\u00e1 \u010d\u00edsla mobilu","url":"https:\/\/www.kuru.cz\/jak-koncipovat-zlata-cisla-mobilu\/","datePublished":"2021-02-16","dateModified":"2021-02-16","mainEntityOfPage":"https:\/\/www.kuru.cz\/jak-koncipovat-zlata-cisla-mobilu\/","author":{"@type":"Person","@id":"https:\/\/www.kuru.cz\/author\/#Person","name":"","url":"https:\/\/www.kuru.cz\/author\/","identifier":1,"image":{"@type":"ImageObject","@id":"https:\/\/secure.gravatar.com\/avatar\/4860d213c5bedfa07ff2b166ff7b069759f9dbf79eae813578c75f9f8cb939b7?s=96&d=mm&r=g","url":"https:\/\/secure.gravatar.com\/avatar\/4860d213c5bedfa07ff2b166ff7b069759f9dbf79eae813578c75f9f8cb939b7?s=96&d=mm&r=g","height":96,"width":96}},"publisher":{"@type":"Organization","name":"kuru.cz","logo":{"@type":"ImageObject","@id":"\/logo.png","url":"\/logo.png","width":600,"height":60}},"image":{"@type":"ImageObject","@id":"https:\/\/www.kuru.cz\/wp-content\/uploads\/%C4%8D%C3%ADsla%20na%20stole.jpg","url":"https:\/\/www.kuru.cz\/wp-content\/uploads\/%C4%8D%C3%ADsla%20na%20stole.jpg","height":0,"width":0},"wordCount":547,"keywords":null},{"@type":"Article","@id":"https:\/\/www.kuru.cz\/bydleni-nemusi-stat-miliony\/","headline":"Bydlen\u00ed nemus\u00ed st\u00e1t miliony","url":"https:\/\/www.kuru.cz\/bydleni-nemusi-stat-miliony\/","datePublished":"2020-11-15","dateModified":"2020-11-15","mainEntityOfPage":"https:\/\/www.kuru.cz\/bydleni-nemusi-stat-miliony\/","author":{"@type":"Person","@id":"https:\/\/www.kuru.cz\/author\/#Person","name":"","url":"https:\/\/www.kuru.cz\/author\/","identifier":1,"image":{"@type":"ImageObject","@id":"https:\/\/secure.gravatar.com\/avatar\/4860d213c5bedfa07ff2b166ff7b069759f9dbf79eae813578c75f9f8cb939b7?s=96&d=mm&r=g","url":"https:\/\/secure.gravatar.com\/avatar\/4860d213c5bedfa07ff2b166ff7b069759f9dbf79eae813578c75f9f8cb939b7?s=96&d=mm&r=g","height":96,"width":96}},"publisher":{"@type":"Organization","name":"kuru.cz","logo":{"@type":"ImageObject","@id":"\/logo.png","url":"\/logo.png","width":600,"height":60}},"image":{"@type":"ImageObject","@id":"https:\/\/www.kuru.cz\/wp-content\/uploads\/D%C5%AFm.jpg","url":"https:\/\/www.kuru.cz\/wp-content\/uploads\/D%C5%AFm.jpg","height":0,"width":0},"wordCount":662,"keywords":null},{"@type":"Article","@id":"https:\/\/www.kuru.cz\/linkbuilding-pomaha\/","headline":"Linkbuilding pom\u00e1h\u00e1","url":"https:\/\/www.kuru.cz\/linkbuilding-pomaha\/","datePublished":"2020-10-19","dateModified":"2020-10-19","mainEntityOfPage":"https:\/\/www.kuru.cz\/linkbuilding-pomaha\/","author":{"@type":"Person","@id":"https:\/\/www.kuru.cz\/author\/#Person","name":"","url":"https:\/\/www.kuru.cz\/author\/","identifier":1,"image":{"@type":"ImageObject","@id":"https:\/\/secure.gravatar.com\/avatar\/4860d213c5bedfa07ff2b166ff7b069759f9dbf79eae813578c75f9f8cb939b7?s=96&d=mm&r=g","url":"https:\/\/secure.gravatar.com\/avatar\/4860d213c5bedfa07ff2b166ff7b069759f9dbf79eae813578c75f9f8cb939b7?s=96&d=mm&r=g","height":96,"width":96}},"publisher":{"@type":"Organization","name":"kuru.cz","logo":{"@type":"ImageObject","@id":"\/logo.png","url":"\/logo.png","width":600,"height":60}},"image":{"@type":"ImageObject","@id":"https:\/\/www.kuru.cz\/wp-content\/uploads\/notebook%20a%20internet.jpg","url":"https:\/\/www.kuru.cz\/wp-content\/uploads\/notebook%20a%20internet.jpg","height":0,"width":0},"wordCount":622,"keywords":null}]},{"@context":"https:\/\/schema.org","@type":"WebSite","@id":"https:\/\/www.kuru.cz\/#website","name":"Kuru","url":"https:\/\/www.kuru.cz","potentialAction":{"@type":"SearchAction","target":"https:\/\/www.kuru.cz\/?s={search_term_string}","query-input":"required name=search_term_string"}}]