[{"@context":"https:\/\/schema.org\/","@type":"Article","@id":"https:\/\/www.kuru.cz\/oznameni-ktere-bude-vypadat-opravdu-skvele\/#Article","mainEntityOfPage":"https:\/\/www.kuru.cz\/oznameni-ktere-bude-vypadat-opravdu-skvele\/","headline":"Ozn\u00e1men\u00ed, kter\u00e9 bude vypadat opravdu skv\u011ble","name":"Ozn\u00e1men\u00ed, kter\u00e9 bude vypadat opravdu skv\u011ble","description":"Kdy\u017e se dva lid\u00e9 miluj\u00ed, je pro n\u011b s\u0148atek opravdu velkou ud\u00e1lost\u00ed. D\u00e1 se \u0159\u00edct, \u017ee je to den, na kter\u00fd budou nejsp\u00ed\u0161 vzpom\u00ednat cel\u00fd \u017eivot. V\u0161e by m\u011blo b\u00fdt&hellip;","datePublished":"2023-12-15","dateModified":"2023-12-15","author":{"@type":"Person","@id":"https:\/\/www.kuru.cz\/author\/#Person","name":"","url":"https:\/\/www.kuru.cz\/author\/","identifier":1,"image":{"@type":"ImageObject","@id":"https:\/\/secure.gravatar.com\/avatar\/4860d213c5bedfa07ff2b166ff7b069759f9dbf79eae813578c75f9f8cb939b7?s=96&d=mm&r=g","url":"https:\/\/secure.gravatar.com\/avatar\/4860d213c5bedfa07ff2b166ff7b069759f9dbf79eae813578c75f9f8cb939b7?s=96&d=mm&r=g","height":96,"width":96}},"publisher":{"@type":"Organization","name":"kuru.cz","logo":{"@type":"ImageObject","@id":"\/logo.png","url":"\/logo.png","width":600,"height":60}},"url":"https:\/\/www.kuru.cz\/oznameni-ktere-bude-vypadat-opravdu-skvele\/","wordCount":255,"articleBody":"Kdy\u017e se dva lid\u00e9 miluj\u00ed, je pro n\u011b s\u0148atek opravdu velkou ud\u00e1lost\u00ed. D\u00e1 se \u0159\u00edct, \u017ee je to den, na kter\u00fd budou nejsp\u00ed\u0161 vzpom\u00ednat cel\u00fd \u017eivot. V\u0161e by m\u011blo b\u00fdt proto napl\u00e1novan\u00e9 tak, aby to v po\u0159\u00e1dku a bez jak\u00fdchkoliv v\u011bt\u0161\u00edch komplikac\u00ed vy\u0161lo. Proto je pot\u0159eba se nad v\u0161\u00edm po\u0159\u00e1dn\u011b p\u0159edem zamyslet a ujasnit si to, jak\u00e9 jsou Va\u0161e p\u0159edstavy o tomto dni. Pak u\u017e nezb\u00fdv\u00e1 nic jin\u00e9ho, ne\u017e za\u0159izovat v\u0161echno pot\u0159ebn\u00e9. Je toho opravdu velk\u00e9 mno\u017estv\u00ed a n\u011bkdy je velmi obt\u00ed\u017en\u00e9 to v\u0161echno zvl\u00e1dnout, proto je nejlep\u0161\u00ed se tomu za\u010d\u00edt v\u011bnovat dost p\u0159edem. Dobr\u00e9 je za\u010d\u00edt se svatebn\u00edm ozn\u00e1men\u00edm.Obra\u0165te se na odborn\u00edkyJe to p\u0159eci jenom prvn\u00ed v\u011bc, kter\u00e1 informuje okol\u00ed o tom, \u017ee se chyst\u00e1te vstoupit do stavu man\u017eelsk\u00e9ho. Proto je pot\u0159eba v\u017edy dost promyslet to, jak chcete, aby v\u0161e ve v\u00fdsledku vypadalo. To je d\u016fvod, pro\u010d byste se m\u011bli obr\u00e1tit pr\u00e1v\u011b na n\u00e1s. Bu\u010f si vyberete z na\u0161\u00ed \u0161irok\u00e9 nab\u00eddky, nebo pokud se V\u00e1m nebude nic zamlouvat, m\u016f\u017eete n\u00e1m sd\u011blit Va\u0161e po\u017eadavky a podle toho u\u017e vyrob\u00edme produkt p\u0159esn\u011b na zak\u00e1zku. D\u011bl\u00e1me v\u0161e pro to, aby byli na\u0161i z\u00e1kazn\u00edci maxim\u00e1ln\u011b spokojen\u00ed.                                                                                                                                                                                                                                                                                                                                                                                        4.6\/5 - (8 votes)        "},{"@context":"https:\/\/schema.org\/","@type":"BreadcrumbList","itemListElement":[{"@type":"ListItem","position":1,"name":"Ozn\u00e1men\u00ed, kter\u00e9 bude vypadat opravdu skv\u011ble","item":"https:\/\/www.kuru.cz\/oznameni-ktere-bude-vypadat-opravdu-skvele\/#breadcrumbitem"}]}]