[{"@context":"https:\/\/schema.org\/","@type":"Article","@id":"https:\/\/www.kuru.cz\/oprava-elektriny\/#Article","mainEntityOfPage":"https:\/\/www.kuru.cz\/oprava-elektriny\/","headline":"Oprava elekt\u0159iny","name":"Oprava elekt\u0159iny","description":"Pot\u00ed\u017ee s elekt\u0159inou za\u017eil opravdu asi ka\u017ed\u00fd. V\u00e1\u017en\u011b nezn\u00e1m nikoho, kdo by mi \u0159ekl, \u017ee t\u0159eba nem\u011bl v\u016fbec nikdy vypadl\u00e9 pojistky. \u0158eknu v\u00e1m, \u017ee kdy\u017e v\u00e1m vypadnou pojistky, \u017ee je&hellip;","datePublished":"2024-04-16","dateModified":"2024-05-16","author":{"@type":"Person","@id":"https:\/\/www.kuru.cz\/author\/#Person","name":"","url":"https:\/\/www.kuru.cz\/author\/","identifier":1,"image":{"@type":"ImageObject","@id":"https:\/\/secure.gravatar.com\/avatar\/4860d213c5bedfa07ff2b166ff7b069759f9dbf79eae813578c75f9f8cb939b7?s=96&d=mm&r=g","url":"https:\/\/secure.gravatar.com\/avatar\/4860d213c5bedfa07ff2b166ff7b069759f9dbf79eae813578c75f9f8cb939b7?s=96&d=mm&r=g","height":96,"width":96}},"publisher":{"@type":"Organization","name":"kuru.cz","logo":{"@type":"ImageObject","@id":"\/logo.png","url":"\/logo.png","width":600,"height":60}},"image":{"@type":"ImageObject","@id":"https:\/\/www.kuru.cz\/wp-content\/uploads\/mason-2382518_1280.jpg","url":"https:\/\/www.kuru.cz\/wp-content\/uploads\/mason-2382518_1280.jpg","height":0,"width":0},"url":"https:\/\/www.kuru.cz\/oprava-elektriny\/","about":["Business"],"wordCount":404,"articleBody":"   Pot\u00ed\u017ee s elekt\u0159inou za\u017eil opravdu asi ka\u017ed\u00fd. V\u00e1\u017en\u011b nezn\u00e1m nikoho, kdo by mi \u0159ekl, \u017ee t\u0159eba nem\u011bl v\u016fbec nikdy vypadl\u00e9 pojistky. \u0158eknu v\u00e1m, \u017ee kdy\u017e v\u00e1m vypadnou pojistky, \u017ee je to opravdu velk\u00e1 katastrofa a nejhor\u0161\u00ed je, kdy\u017e zrovna va\u0159\u00edte anebo perete a vypadnou v\u00e1m pojistky. Pov\u00edm v\u00e1m, \u017ee je to opravdu stra\u0161n\u00e9. M\u011b se tohle stalo u\u017e n\u011bkolikr\u00e1t a \u0159eknu v\u00e1m, \u017ee jsem se v\u017edycky kolikr\u00e1t lekla a b\u00e1la jsem se. Nejhor\u0161\u00ed je t\u0159eba, kdy\u017e jsem doma sama a je tma a vypadnou pojistky, tak\u017ee si logicky nem\u016f\u017eu zapnout ani lampi\u010dku anebo televizi anebo si ani t\u0159eba zahr\u00e1t n\u011bjakou hru na po\u010d\u00edta\u010di a podobn\u011b.Proto jsem si \u0159ekla, \u017ee bych si tak\u00e9 klidn\u011b mohla po\u0159\u00eddit n\u011bjak\u00fd gener\u00e1tor. Ale kdy\u017e jsem vid\u011bla ceny gener\u00e1tor\u016f, tak se mi m\u00e1lem proto\u010dily panenky. B\u00e1la jsem se to koupit! Rad\u011bji si v\u017edycky zavol\u00e1m elektrik\u00e1\u0159e. Pokud bydl\u00edte ve Stod\u016flk\u00e1ch v Praze 5, tak se m\u016f\u017eete tak\u00e9 zavolat elektrik\u00e1\u0159e. Elektrik\u00e1\u0159i z Prahy 5 Stod\u016flky jsou pr\u00fd velice \u0161ikovn\u00ed a v\u00ed, jak svou pr\u00e1ci d\u011blat poctiv\u011b. Zkuste se pod\u00edvat na webov\u00e9 str\u00e1nky technologie-budov.cz. Najdete tam elektrik\u00e1\u0159e z Prahy 5, Stod\u016flky a nejenom ze stod\u016flek, ale i odjinud. Je logick\u00e9, \u017ee pokud bydl\u00edte t\u0159eba v Brn\u011b, \u017ee nepojedete a\u017e do Prahy pro n\u011bjak\u00e9ho elektrik\u00e1\u0159e. Ale pr\u00e1v\u011b na zm\u00edn\u011bn\u00fdch webov\u00fdch str\u00e1nk\u00e1ch jsou elektrik\u00e1\u0159i, kte\u0159\u00ed se zaj\u00edmaj\u00ed tak\u00e9 o v\u00fd\u0161kov\u00e9 budovy. O takov\u00e9 budovy, jako je nap\u0159\u00edklad bytovka nebo panel\u00e1k a tak podobn\u011b. T\u0159eba tak\u00e9 \u010din\u017e\u00e1k. J\u00e1 si ob\u010das tak\u00e9 kdysi volala hodinov\u00e9ho man\u017eela, ale s hodinov\u00fdm man\u017eelem jsem nebyla t\u00e9m\u011b\u0159 spokojen\u00e1. Cht\u011bla jsem m\u00edt n\u011bco kvalitn\u00edho, tak\u017ee kamar\u00e1dka mi pr\u00e1v\u011b poradila tyto webov\u00e9 str\u00e1nky. A od t\u00e9 doby, kdy\u017e m\u00e1m n\u011bjakou poruchu doma a t\u00fdk\u00e1 se to elekt\u0159iny, tak vol\u00e1m v\u017edycky elektrik\u00e1\u0159e z Prahy 5, Stod\u016flky. U\u017e se mi to stalo dvakr\u00e1t a m\u016f\u017eu \u0159\u00edct, \u017ee jsem s nimi v\u017edy maxim\u00e1ln\u011b spokojen\u00e1.                                                                                                                                                                                                                                                                                                                                                                                           3.7\/5 - (12 votes)        "},{"@context":"https:\/\/schema.org\/","@type":"BreadcrumbList","itemListElement":[{"@type":"ListItem","position":1,"name":"Oprava elekt\u0159iny","item":"https:\/\/www.kuru.cz\/oprava-elektriny\/#breadcrumbitem"}]}]