[{"@context":"https:\/\/schema.org\/","@type":"Article","@id":"https:\/\/www.kuru.cz\/nechte-to-na-odbornicich\/#Article","mainEntityOfPage":"https:\/\/www.kuru.cz\/nechte-to-na-odbornicich\/","headline":"Nechte to na odborn\u00edc\u00edch","name":"Nechte to na odborn\u00edc\u00edch","description":"Jste typ \u010dlov\u011bka, kter\u00fd, pokud nem\u00e1 co d\u011blat, je nespokojen\u00fd a nud\u00ed se? Milujete opravovat sv\u016fj d\u016fm \u010di byt a jste py\u0161n\u00ed na to, \u017ee si s ka\u017edou prac\u00ed dovedete&hellip;","datePublished":"2023-06-13","dateModified":"2024-06-17","author":{"@type":"Person","@id":"https:\/\/www.kuru.cz\/author\/#Person","name":"","url":"https:\/\/www.kuru.cz\/author\/","identifier":1,"image":{"@type":"ImageObject","@id":"https:\/\/secure.gravatar.com\/avatar\/4860d213c5bedfa07ff2b166ff7b069759f9dbf79eae813578c75f9f8cb939b7?s=96&d=mm&r=g","url":"https:\/\/secure.gravatar.com\/avatar\/4860d213c5bedfa07ff2b166ff7b069759f9dbf79eae813578c75f9f8cb939b7?s=96&d=mm&r=g","height":96,"width":96}},"publisher":{"@type":"Organization","name":"kuru.cz","logo":{"@type":"ImageObject","@id":"\/logo.png","url":"\/logo.png","width":600,"height":60}},"url":"https:\/\/www.kuru.cz\/nechte-to-na-odbornicich\/","wordCount":259,"articleBody":"Jste typ \u010dlov\u011bka, kter\u00fd, pokud nem\u00e1 co d\u011blat, je nespokojen\u00fd a nud\u00ed se? Milujete opravovat sv\u016fj d\u016fm \u010di byt a jste py\u0161n\u00ed na to, \u017ee si s ka\u017edou prac\u00ed dovedete poradit? Zvl\u00e1dnete p\u00e9\u010di o zahradu, \u00fadr\u017ebu st\u0159echy i v\u00fdm\u011bnu oken? P\u0159ece jen je v\u0161ak radno n\u011bkter\u00e9 v\u011bci, kter\u00e9 v \u017eivot\u011b p\u0159\u00edli\u0161 \u010dasto ned\u011bl\u00e1te, nechat na odborn\u00edc\u00edch. Je nasnad\u011b, \u017ee cvik a jistota p\u0159ich\u00e1zej\u00ed a\u017e se zku\u0161enostmi, nesna\u017ete se proto sv\u00e9 zku\u0161enosti za ka\u017edou cenu nasb\u00edrat osobn\u011b, vyu\u017eijte i zku\u0161enost\u00ed jin\u00fdch, zejm\u00e9na tehdy, jde-li o \u010dinnost, kterou nehodl\u00e1te prov\u00e1d\u011bt p\u0159\u00edli\u0161 \u010dasto.\tBezprobl\u00e9mov\u00e9 fungov\u00e1n\u00edA chcete-li, aby ve Va\u0161em dom\u011b v\u0161e bezprobl\u00e9mov\u011b fungovalo, pak instalaci d\u016fle\u017eit\u00fdch v\u011bc\u00ed nechte na t\u011bch, kdo se t\u011bmto \u010dinnostem v\u011bnuj\u00ed profesion\u00e1ln\u011b, kdo maj\u00ed za sebou ji\u017e \u0159adu hotov\u00fdch \u00fakol\u016f, kdo maj\u00ed dobr\u00e9 reference. Pokud hodl\u00e1te instalovat interi\u00e9rov\u00e9 dve\u0159e Praha, pak pr\u00e1v\u011b my jsme t\u011bmi, koho hled\u00e1te. P\u016fsob\u00edme na trhu ji\u017e od roku 1997 a v\u011bzte, \u017ee lep\u0161\u00ed cenu v na\u0161\u00ed republice nenaleznete. Zkuste to s n\u00e1mi i Vy. Krom\u011b samotn\u00e9 mont\u00e1\u017ee nab\u00edz\u00edme celou \u0159adu dopl\u0148kov\u00fdch slu\u017eeb, a\u0165 ji\u017e jde o konzultaci na m\u00edst\u011b \u010di v\u011bt\u0161\u00ed i men\u0161\u00ed \u00fapravy v na\u0161em vlastn\u00edm truhl\u00e1\u0159sk\u00e9m provozu.                                                                                                                                                                                                                                                                                                                                                                                        3.7\/5 - (8 votes)        "},{"@context":"https:\/\/schema.org\/","@type":"BreadcrumbList","itemListElement":[{"@type":"ListItem","position":1,"name":"Nechte to na odborn\u00edc\u00edch","item":"https:\/\/www.kuru.cz\/nechte-to-na-odbornicich\/#breadcrumbitem"}]}]