[{"@context":"https:\/\/schema.org\/","@type":"Article","@id":"https:\/\/www.kuru.cz\/na-uklid-vzdy-neni-sila\/#Article","mainEntityOfPage":"https:\/\/www.kuru.cz\/na-uklid-vzdy-neni-sila\/","headline":"Na \u00faklid v\u017edy nen\u00ed s\u00edla","name":"Na \u00faklid v\u017edy nen\u00ed s\u00edla","description":"M\u00edt uklizeno je pro v\u011bt\u0161inu lid\u00ed naprost\u00fd standard. Ka\u017ed\u00fd m\u00e1 jin\u00e9 postupy a jin\u00e9 obl\u00edben\u00e9 \u010dist\u00edc\u00ed prost\u0159edky, a ka\u017ed\u00fd se v\u011bnuje \u00faklidu jinak dlouho. N\u011bkdo preferuje po\u0159\u00e1dn\u00fd \u00faklid jednou t\u00fddn\u011b,&hellip;","datePublished":"2024-12-24","dateModified":"2024-12-24","author":{"@type":"Person","@id":"https:\/\/www.kuru.cz\/author\/#Person","name":"","url":"https:\/\/www.kuru.cz\/author\/","identifier":1,"image":{"@type":"ImageObject","@id":"https:\/\/secure.gravatar.com\/avatar\/4860d213c5bedfa07ff2b166ff7b069759f9dbf79eae813578c75f9f8cb939b7?s=96&d=mm&r=g","url":"https:\/\/secure.gravatar.com\/avatar\/4860d213c5bedfa07ff2b166ff7b069759f9dbf79eae813578c75f9f8cb939b7?s=96&d=mm&r=g","height":96,"width":96}},"publisher":{"@type":"Organization","name":"kuru.cz","logo":{"@type":"ImageObject","@id":"\/logo.png","url":"\/logo.png","width":600,"height":60}},"image":{"@type":"ImageObject","@id":"https:\/\/www.kuru.cz\/wp-content\/uploads\/girl-1531575_640_3.jpg","url":"https:\/\/www.kuru.cz\/wp-content\/uploads\/girl-1531575_640_3.jpg","height":0,"width":0},"url":"https:\/\/www.kuru.cz\/na-uklid-vzdy-neni-sila\/","wordCount":402,"articleBody":"   M\u00edt uklizeno je pro v\u011bt\u0161inu lid\u00ed naprost\u00fd standard. Ka\u017ed\u00fd m\u00e1 jin\u00e9 postupy a jin\u00e9 obl\u00edben\u00e9 \u010dist\u00edc\u00ed prost\u0159edky, a ka\u017ed\u00fd se v\u011bnuje \u00faklidu jinak dlouho. N\u011bkdo preferuje po\u0159\u00e1dn\u00fd \u00faklid jednou t\u00fddn\u011b, n\u011bkdo m\u00e1 rad\u011bji kdy\u017e si m\u016f\u017ee ka\u017ed\u00fd den uklidit kousek. A\u0165 u\u017e v\u00e1m vyhovuje cokoliv, n\u011bkdy se m\u016f\u017ee st\u00e1t, \u017ee na \u00faklid nebudete m\u00edt \u010das anebo s\u00edlu. Takov\u00e9m p\u0159\u00edpad\u011b je nejlep\u0161\u00ed zavolat si \u00faklidovou firmu, kter\u00e1 uklid\u00ed za v\u00e1s.Pro\u010d vyu\u017e\u00edt \u00faklidovou firmu?\u00daklidov\u00e1 firma modryzralok.cz je ide\u00e1ln\u00ed \u0159e\u0161en\u00ed pro v\u0161echny, kte\u0159\u00ed nest\u00edhaj\u00ed pravideln\u011b ukl\u00edzet sami. D\u00edky \u00faklidov\u00e9 firm\u011b m\u016f\u017eete m\u00edt uklizenou dokonale celou dom\u00e1cnost, a to i v m\u00edstech, na kter\u00e9 v\u011bt\u0161ina lid\u00ed zapom\u00edn\u00e1. Zam\u011bstnanci \u00faklidov\u00e9 slu\u017eby nikoho nesoud\u00ed, pouze se sna\u017e\u00ed co nejl\u00e9pe uklidit v\u0161echno co je dohodnuto. Proto je pot\u0159eba si p\u0159edem ujasnit co v\u0161echno byste od \u00faklidov\u00e9 firmy cht\u011bli ukl\u00edzet a jak \u010dasto. \u00daklidov\u00fdch firem je n\u011bkolik, a ka\u017ed\u00e1 v\u00e1m nab\u00eddne svoje slu\u017eby za svoje ceny. V p\u0159\u00edpad\u011b \u017ee budete hledat \u00faklidovou firmu, ur\u010dit\u011b si nechte p\u0159edlo\u017eit n\u011bkolik cenov\u00fdch nab\u00eddek a vyberte si tu nejv\u00fdhodn\u011bj\u0161\u00ed. Vzhledem k tomu \u017ee je mezi t\u011bmito firmami velk\u00e1 konkurence, je velk\u00e1 pravd\u011bpodobnost \u017ee nakonec dostanete p\u0159\u00edjemnou nab\u00eddku, kter\u00e1 nebude vysok\u00e1 pro v\u00e1s a n\u00edzk\u00e1 pro firmu. Nesty\u010fte se zavolat si na pomoc \u00faklidovou firmu, kter\u00e1 m\u016f\u017ee b\u00fdt ide\u00e1ln\u00edm \u0159e\u0161en\u00edm pro p\u0159\u00edpad nemoci nebo pro p\u0159\u00edpad \u017ee nest\u00edh\u00e1te. Je norm\u00e1ln\u00ed \u017ee poka\u017ed\u00e9 nezvl\u00e1dnete m\u00edt dokonale uklizenou dom\u00e1cnost, a je norm\u00e1ln\u00ed si \u0159\u00edct o pomoc, pokud to pot\u0159ebujete. Dnes je vyu\u017e\u00edv\u00e1n\u00ed \u00faklidov\u00fdch firem pom\u011brn\u011b b\u011b\u017enou z\u00e1le\u017eitost\u00ed v dom\u00e1cnostech kde se o \u00faklid staraj\u00ed \u010dlenov\u00e9 dom\u00e1cnosti. V\u017edycky nejde v\u0161echno tak jak si \u010dlov\u011bk napl\u00e1nuje a od toho jsou to slu\u017eby kter\u00e9 v\u00e1m pomohou nejen s \u00faklidem. Pot\u0159ebujete uklidit jednou za t\u00fdden anebo budete cht\u00edt jen \u00faklid jednou ro\u010dn\u011b? Na v\u0161em je mo\u017en\u00e9 se dohodnout.                                                                                                                                                                                                                                                                                                                                                                                          4.7\/5 - (3 votes)        "},{"@context":"https:\/\/schema.org\/","@type":"BreadcrumbList","itemListElement":[{"@type":"ListItem","position":1,"name":"Na \u00faklid v\u017edy nen\u00ed s\u00edla","item":"https:\/\/www.kuru.cz\/na-uklid-vzdy-neni-sila\/#breadcrumbitem"}]}]