{"@context":"https:\/\/schema.org\/","@type":"CollectionPage","@id":"https:\/\/www.kuru.cz\/ekonomika\/#CollectionPage","headline":"Ekonomika Category","description":"","url":"https:\/\/www.kuru.cz\/ekonomika\/","hasPart":[{"@type":"Article","@id":"https:\/\/www.kuru.cz\/nakup-garsonky\/","headline":"N\u00e1kup garsonky","url":"https:\/\/www.kuru.cz\/nakup-garsonky\/","datePublished":"2024-02-28","dateModified":"2024-04-15","mainEntityOfPage":"https:\/\/www.kuru.cz\/nakup-garsonky\/","author":{"@type":"Person","@id":"https:\/\/www.kuru.cz\/author\/#Person","name":"","url":"https:\/\/www.kuru.cz\/author\/","identifier":1,"image":{"@type":"ImageObject","@id":"https:\/\/secure.gravatar.com\/avatar\/4860d213c5bedfa07ff2b166ff7b069759f9dbf79eae813578c75f9f8cb939b7?s=96&d=mm&r=g","url":"https:\/\/secure.gravatar.com\/avatar\/4860d213c5bedfa07ff2b166ff7b069759f9dbf79eae813578c75f9f8cb939b7?s=96&d=mm&r=g","height":96,"width":96}},"publisher":{"@type":"Organization","name":"kuru.cz","logo":{"@type":"ImageObject","@id":"\/logo.png","url":"\/logo.png","width":600,"height":60}},"image":{"@type":"ImageObject","@id":"https:\/\/www.kuru.cz\/wp-content\/uploads\/office-1574717_1280_4.jpg","url":"https:\/\/www.kuru.cz\/wp-content\/uploads\/office-1574717_1280_4.jpg","height":0,"width":0},"keywords":null},{"@type":"Article","@id":"https:\/\/www.kuru.cz\/nenadala-udalost\/","headline":"Nenad\u00e1l\u00e1 ud\u00e1lost","url":"https:\/\/www.kuru.cz\/nenadala-udalost\/","datePublished":"2024-02-13","dateModified":"2024-03-13","mainEntityOfPage":"https:\/\/www.kuru.cz\/nenadala-udalost\/","author":{"@type":"Person","@id":"https:\/\/www.kuru.cz\/author\/#Person","name":"","url":"https:\/\/www.kuru.cz\/author\/","identifier":1,"image":{"@type":"ImageObject","@id":"https:\/\/secure.gravatar.com\/avatar\/4860d213c5bedfa07ff2b166ff7b069759f9dbf79eae813578c75f9f8cb939b7?s=96&d=mm&r=g","url":"https:\/\/secure.gravatar.com\/avatar\/4860d213c5bedfa07ff2b166ff7b069759f9dbf79eae813578c75f9f8cb939b7?s=96&d=mm&r=g","height":96,"width":96}},"publisher":{"@type":"Organization","name":"kuru.cz","logo":{"@type":"ImageObject","@id":"\/logo.png","url":"\/logo.png","width":600,"height":60}},"image":{"@type":"ImageObject","@id":"https:\/\/www.kuru.cz\/wp-content\/uploads\/currency-221320_640.jpg","url":"https:\/\/www.kuru.cz\/wp-content\/uploads\/currency-221320_640.jpg","height":0,"width":0},"keywords":null},{"@type":"Article","@id":"https:\/\/www.kuru.cz\/jak-zabranit-bankrotu\/","headline":"Jak zabr\u00e1nit bankrotu?","url":"https:\/\/www.kuru.cz\/jak-zabranit-bankrotu\/","datePublished":"2024-01-19","dateModified":"2024-01-19","mainEntityOfPage":"https:\/\/www.kuru.cz\/jak-zabranit-bankrotu\/","author":{"@type":"Person","@id":"https:\/\/www.kuru.cz\/author\/#Person","name":"","url":"https:\/\/www.kuru.cz\/author\/","identifier":1,"image":{"@type":"ImageObject","@id":"https:\/\/secure.gravatar.com\/avatar\/4860d213c5bedfa07ff2b166ff7b069759f9dbf79eae813578c75f9f8cb939b7?s=96&d=mm&r=g","url":"https:\/\/secure.gravatar.com\/avatar\/4860d213c5bedfa07ff2b166ff7b069759f9dbf79eae813578c75f9f8cb939b7?s=96&d=mm&r=g","height":96,"width":96}},"publisher":{"@type":"Organization","name":"kuru.cz","logo":{"@type":"ImageObject","@id":"\/logo.png","url":"\/logo.png","width":600,"height":60}},"image":{"@type":"ImageObject","@id":"https:\/\/www.kuru.cz\/wp-content\/uploads\/ff%20ff%20f.jpg","url":"https:\/\/www.kuru.cz\/wp-content\/uploads\/ff%20ff%20f.jpg","height":0,"width":0},"keywords":null},{"@type":"Article","@id":"https:\/\/www.kuru.cz\/nekdy-nam-penize-nestaci\/","headline":"N\u011bkdy n\u00e1m pen\u00edze nesta\u010d\u00ed","url":"https:\/\/www.kuru.cz\/nekdy-nam-penize-nestaci\/","datePublished":"2023-12-22","dateModified":"2023-12-22","mainEntityOfPage":"https:\/\/www.kuru.cz\/nekdy-nam-penize-nestaci\/","author":{"@type":"Person","@id":"https:\/\/www.kuru.cz\/author\/#Person","name":"","url":"https:\/\/www.kuru.cz\/author\/","identifier":1,"image":{"@type":"ImageObject","@id":"https:\/\/secure.gravatar.com\/avatar\/4860d213c5bedfa07ff2b166ff7b069759f9dbf79eae813578c75f9f8cb939b7?s=96&d=mm&r=g","url":"https:\/\/secure.gravatar.com\/avatar\/4860d213c5bedfa07ff2b166ff7b069759f9dbf79eae813578c75f9f8cb939b7?s=96&d=mm&r=g","height":96,"width":96}},"publisher":{"@type":"Organization","name":"kuru.cz","logo":{"@type":"ImageObject","@id":"\/logo.png","url":"\/logo.png","width":600,"height":60}},"image":{"@type":"ImageObject","@id":"https:\/\/www.kuru.cz\/wp-content\/uploads\/ffffffffffffffffffffffffffffffffff.jpg","url":"https:\/\/www.kuru.cz\/wp-content\/uploads\/ffffffffffffffffffffffffffffffffff.jpg","height":0,"width":0},"keywords":null},{"@type":"Article","@id":"https:\/\/www.kuru.cz\/proc-neni-tak-snadne-vyznat-se-v-ekonomice\/","headline":"Pro\u010d nen\u00ed tak snadn\u00e9 vyznat se v ekonomice","url":"https:\/\/www.kuru.cz\/proc-neni-tak-snadne-vyznat-se-v-ekonomice\/","datePublished":"2023-10-25","dateModified":"2024-01-26","mainEntityOfPage":"https:\/\/www.kuru.cz\/proc-neni-tak-snadne-vyznat-se-v-ekonomice\/","author":{"@type":"Person","@id":"https:\/\/www.kuru.cz\/author\/#Person","name":"","url":"https:\/\/www.kuru.cz\/author\/","identifier":1,"image":{"@type":"ImageObject","@id":"https:\/\/secure.gravatar.com\/avatar\/4860d213c5bedfa07ff2b166ff7b069759f9dbf79eae813578c75f9f8cb939b7?s=96&d=mm&r=g","url":"https:\/\/secure.gravatar.com\/avatar\/4860d213c5bedfa07ff2b166ff7b069759f9dbf79eae813578c75f9f8cb939b7?s=96&d=mm&r=g","height":96,"width":96}},"publisher":{"@type":"Organization","name":"kuru.cz","logo":{"@type":"ImageObject","@id":"\/logo.png","url":"\/logo.png","width":600,"height":60}},"image":{"@type":"ImageObject","@id":"https:\/\/www.kuru.cz\/wp-content\/uploads\/firma8_10_10_6.jpg","url":"https:\/\/www.kuru.cz\/wp-content\/uploads\/firma8_10_10_6.jpg","height":0,"width":0},"keywords":null},{"@type":"Article","@id":"https:\/\/www.kuru.cz\/levna-hypoteka\/","headline":"Levn\u00e1 hypot\u00e9ka","url":"https:\/\/www.kuru.cz\/levna-hypoteka\/","datePublished":"2023-06-26","dateModified":"2023-07-26","mainEntityOfPage":"https:\/\/www.kuru.cz\/levna-hypoteka\/","author":{"@type":"Person","@id":"https:\/\/www.kuru.cz\/author\/#Person","name":"","url":"https:\/\/www.kuru.cz\/author\/","identifier":1,"image":{"@type":"ImageObject","@id":"https:\/\/secure.gravatar.com\/avatar\/4860d213c5bedfa07ff2b166ff7b069759f9dbf79eae813578c75f9f8cb939b7?s=96&d=mm&r=g","url":"https:\/\/secure.gravatar.com\/avatar\/4860d213c5bedfa07ff2b166ff7b069759f9dbf79eae813578c75f9f8cb939b7?s=96&d=mm&r=g","height":96,"width":96}},"publisher":{"@type":"Organization","name":"kuru.cz","logo":{"@type":"ImageObject","@id":"\/logo.png","url":"\/logo.png","width":600,"height":60}},"image":{"@type":"ImageObject","@id":"https:\/\/www.kuru.cz\/wp-content\/uploads\/house-1239420_1280_2.jpg","url":"https:\/\/www.kuru.cz\/wp-content\/uploads\/house-1239420_1280_2.jpg","height":0,"width":0},"keywords":null},{"@type":"Article","@id":"https:\/\/www.kuru.cz\/co-bychom-si-bez-penez-pocali\/","headline":"Co bychom si bez pen\u011bz po\u010dali?","url":"https:\/\/www.kuru.cz\/co-bychom-si-bez-penez-pocali\/","datePublished":"2023-03-19","dateModified":"2023-03-19","mainEntityOfPage":"https:\/\/www.kuru.cz\/co-bychom-si-bez-penez-pocali\/","author":{"@type":"Person","@id":"https:\/\/www.kuru.cz\/author\/#Person","name":"","url":"https:\/\/www.kuru.cz\/author\/","identifier":1,"image":{"@type":"ImageObject","@id":"https:\/\/secure.gravatar.com\/avatar\/4860d213c5bedfa07ff2b166ff7b069759f9dbf79eae813578c75f9f8cb939b7?s=96&d=mm&r=g","url":"https:\/\/secure.gravatar.com\/avatar\/4860d213c5bedfa07ff2b166ff7b069759f9dbf79eae813578c75f9f8cb939b7?s=96&d=mm&r=g","height":96,"width":96}},"publisher":{"@type":"Organization","name":"kuru.cz","logo":{"@type":"ImageObject","@id":"\/logo.png","url":"\/logo.png","width":600,"height":60}},"image":{"@type":"ImageObject","@id":"https:\/\/www.kuru.cz\/wp-content\/uploads\/euro-62368_960_720.jpg","url":"https:\/\/www.kuru.cz\/wp-content\/uploads\/euro-62368_960_720.jpg","height":0,"width":0},"keywords":null},{"@type":"Article","@id":"https:\/\/www.kuru.cz\/nestaci-vam-penize\/","headline":"Nesta\u010d\u00ed v\u00e1m pen\u00edze?","url":"https:\/\/www.kuru.cz\/nestaci-vam-penize\/","datePublished":"2023-03-19","dateModified":"2023-03-19","mainEntityOfPage":"https:\/\/www.kuru.cz\/nestaci-vam-penize\/","author":{"@type":"Person","@id":"https:\/\/www.kuru.cz\/author\/#Person","name":"","url":"https:\/\/www.kuru.cz\/author\/","identifier":1,"image":{"@type":"ImageObject","@id":"https:\/\/secure.gravatar.com\/avatar\/4860d213c5bedfa07ff2b166ff7b069759f9dbf79eae813578c75f9f8cb939b7?s=96&d=mm&r=g","url":"https:\/\/secure.gravatar.com\/avatar\/4860d213c5bedfa07ff2b166ff7b069759f9dbf79eae813578c75f9f8cb939b7?s=96&d=mm&r=g","height":96,"width":96}},"publisher":{"@type":"Organization","name":"kuru.cz","logo":{"@type":"ImageObject","@id":"\/logo.png","url":"\/logo.png","width":600,"height":60}},"image":{"@type":"ImageObject","@id":"https:\/\/www.kuru.cz\/wp-content\/uploads\/euro-2976515_960_720.jpg","url":"https:\/\/www.kuru.cz\/wp-content\/uploads\/euro-2976515_960_720.jpg","height":0,"width":0},"keywords":null},{"@type":"Article","@id":"https:\/\/www.kuru.cz\/bydleni-nemusi-stat-miliony\/","headline":"Bydlen\u00ed nemus\u00ed st\u00e1t miliony","url":"https:\/\/www.kuru.cz\/bydleni-nemusi-stat-miliony\/","datePublished":"2020-11-15","dateModified":"2020-11-15","mainEntityOfPage":"https:\/\/www.kuru.cz\/bydleni-nemusi-stat-miliony\/","author":{"@type":"Person","@id":"https:\/\/www.kuru.cz\/author\/#Person","name":"","url":"https:\/\/www.kuru.cz\/author\/","identifier":1,"image":{"@type":"ImageObject","@id":"https:\/\/secure.gravatar.com\/avatar\/4860d213c5bedfa07ff2b166ff7b069759f9dbf79eae813578c75f9f8cb939b7?s=96&d=mm&r=g","url":"https:\/\/secure.gravatar.com\/avatar\/4860d213c5bedfa07ff2b166ff7b069759f9dbf79eae813578c75f9f8cb939b7?s=96&d=mm&r=g","height":96,"width":96}},"publisher":{"@type":"Organization","name":"kuru.cz","logo":{"@type":"ImageObject","@id":"\/logo.png","url":"\/logo.png","width":600,"height":60}},"image":{"@type":"ImageObject","@id":"https:\/\/www.kuru.cz\/wp-content\/uploads\/D%C5%AFm.jpg","url":"https:\/\/www.kuru.cz\/wp-content\/uploads\/D%C5%AFm.jpg","height":0,"width":0},"keywords":null},{"@type":"Article","@id":"https:\/\/www.kuru.cz\/kde-pujcuji-podnikatelum\/","headline":"Kde p\u016fj\u010duj\u00ed podnikatel\u016fm?","url":"https:\/\/www.kuru.cz\/kde-pujcuji-podnikatelum\/","datePublished":"2019-08-23","dateModified":"2019-08-23","mainEntityOfPage":"https:\/\/www.kuru.cz\/kde-pujcuji-podnikatelum\/","author":{"@type":"Person","@id":"https:\/\/www.kuru.cz\/author\/#Person","name":"","url":"https:\/\/www.kuru.cz\/author\/","identifier":1,"image":{"@type":"ImageObject","@id":"https:\/\/secure.gravatar.com\/avatar\/4860d213c5bedfa07ff2b166ff7b069759f9dbf79eae813578c75f9f8cb939b7?s=96&d=mm&r=g","url":"https:\/\/secure.gravatar.com\/avatar\/4860d213c5bedfa07ff2b166ff7b069759f9dbf79eae813578c75f9f8cb939b7?s=96&d=mm&r=g","height":96,"width":96}},"publisher":{"@type":"Organization","name":"kuru.cz","logo":{"@type":"ImageObject","@id":"\/logo.png","url":"\/logo.png","width":600,"height":60}},"image":{"@type":"ImageObject","@id":"https:\/\/www.kuru.cz\/wp-content\/uploads\/img_a358952_w1907_t1573138613.jpg","url":"https:\/\/www.kuru.cz\/wp-content\/uploads\/img_a358952_w1907_t1573138613.jpg","height":0,"width":0},"keywords":null}]}