[{"@context":"https:\/\/schema.org\/","@type":"Blog","@id":"https:\/\/www.kuru.cz#Blog","headline":"Kuru","description":"\nKa\u017ed\u00e1 internetov\u00e1 str\u00e1nka a ka\u017ed\u00fd web vznikly s ur\u010dit\u00fdm z\u00e1m\u011brem. A posl\u00e1n\u00edm na\u0161eho webu je pomoci v\u00e1m s \u0159e\u0161en\u00edm toho, na co mo\u017en\u00e1 sami nesta\u010d\u00edte.","url":"https:\/\/www.kuru.cz","hasPart":[{"@type":"Article","@id":"https:\/\/www.kuru.cz\/od-navrhu-po-realizaci-vse-na-jednom-miste\/","headline":"Od n\u00e1vrhu po realizaci, v\u0161e na jednom m\u00edst\u011b","url":"https:\/\/www.kuru.cz\/od-navrhu-po-realizaci-vse-na-jednom-miste\/","datePublished":"2025-08-31","dateModified":"2025-08-31","mainEntityOfPage":"https:\/\/www.kuru.cz\/od-navrhu-po-realizaci-vse-na-jednom-miste\/","author":{"@type":"Person","@id":"https:\/\/www.kuru.cz\/author\/#Person","name":"","url":"https:\/\/www.kuru.cz\/author\/","identifier":1,"image":{"@type":"ImageObject","@id":"https:\/\/secure.gravatar.com\/avatar\/4860d213c5bedfa07ff2b166ff7b069759f9dbf79eae813578c75f9f8cb939b7?s=96&d=mm&r=g","url":"https:\/\/secure.gravatar.com\/avatar\/4860d213c5bedfa07ff2b166ff7b069759f9dbf79eae813578c75f9f8cb939b7?s=96&d=mm&r=g","height":96,"width":96}},"publisher":{"@type":"Organization","name":"kuru.cz","logo":{"@type":"ImageObject","@id":"\/logo.png","url":"\/logo.png","width":600,"height":60}},"image":null,"wordCount":194,"keywords":null},{"@type":"Article","@id":"https:\/\/www.kuru.cz\/pravidelna-strava-je-dulezita\/","headline":"Pravideln\u00e1 strava je d\u016fle\u017eit\u00e1","url":"https:\/\/www.kuru.cz\/pravidelna-strava-je-dulezita\/","datePublished":"2025-08-25","dateModified":"2025-08-25","mainEntityOfPage":"https:\/\/www.kuru.cz\/pravidelna-strava-je-dulezita\/","author":{"@type":"Person","@id":"https:\/\/www.kuru.cz\/author\/#Person","name":"","url":"https:\/\/www.kuru.cz\/author\/","identifier":1,"image":{"@type":"ImageObject","@id":"https:\/\/secure.gravatar.com\/avatar\/4860d213c5bedfa07ff2b166ff7b069759f9dbf79eae813578c75f9f8cb939b7?s=96&d=mm&r=g","url":"https:\/\/secure.gravatar.com\/avatar\/4860d213c5bedfa07ff2b166ff7b069759f9dbf79eae813578c75f9f8cb939b7?s=96&d=mm&r=g","height":96,"width":96}},"publisher":{"@type":"Organization","name":"kuru.cz","logo":{"@type":"ImageObject","@id":"\/logo.png","url":"\/logo.png","width":600,"height":60}},"image":null,"wordCount":238,"keywords":null},{"@type":"Article","@id":"https:\/\/www.kuru.cz\/jak-jsem-dobre-poradila\/","headline":"Jak jsem dob\u0159e poradila","url":"https:\/\/www.kuru.cz\/jak-jsem-dobre-poradila\/","datePublished":"2025-08-17","dateModified":"2025-08-17","mainEntityOfPage":"https:\/\/www.kuru.cz\/jak-jsem-dobre-poradila\/","author":{"@type":"Person","@id":"https:\/\/www.kuru.cz\/author\/#Person","name":"","url":"https:\/\/www.kuru.cz\/author\/","identifier":1,"image":{"@type":"ImageObject","@id":"https:\/\/secure.gravatar.com\/avatar\/4860d213c5bedfa07ff2b166ff7b069759f9dbf79eae813578c75f9f8cb939b7?s=96&d=mm&r=g","url":"https:\/\/secure.gravatar.com\/avatar\/4860d213c5bedfa07ff2b166ff7b069759f9dbf79eae813578c75f9f8cb939b7?s=96&d=mm&r=g","height":96,"width":96}},"publisher":{"@type":"Organization","name":"kuru.cz","logo":{"@type":"ImageObject","@id":"\/logo.png","url":"\/logo.png","width":600,"height":60}},"image":null,"wordCount":232,"keywords":null},{"@type":"Article","@id":"https:\/\/www.kuru.cz\/nase-zarizeni-na-videokonference-jsou-spravnou-volbou\/","headline":"Na\u0161e za\u0159\u00edzen\u00ed na videokonference jsou spr\u00e1vnou volbou","url":"https:\/\/www.kuru.cz\/nase-zarizeni-na-videokonference-jsou-spravnou-volbou\/","datePublished":"2025-08-14","dateModified":"2025-08-14","mainEntityOfPage":"https:\/\/www.kuru.cz\/nase-zarizeni-na-videokonference-jsou-spravnou-volbou\/","author":{"@type":"Person","@id":"https:\/\/www.kuru.cz\/author\/#Person","name":"","url":"https:\/\/www.kuru.cz\/author\/","identifier":1,"image":{"@type":"ImageObject","@id":"https:\/\/secure.gravatar.com\/avatar\/4860d213c5bedfa07ff2b166ff7b069759f9dbf79eae813578c75f9f8cb939b7?s=96&d=mm&r=g","url":"https:\/\/secure.gravatar.com\/avatar\/4860d213c5bedfa07ff2b166ff7b069759f9dbf79eae813578c75f9f8cb939b7?s=96&d=mm&r=g","height":96,"width":96}},"publisher":{"@type":"Organization","name":"kuru.cz","logo":{"@type":"ImageObject","@id":"\/logo.png","url":"\/logo.png","width":600,"height":60}},"image":null,"wordCount":270,"keywords":null},{"@type":"Article","@id":"https:\/\/www.kuru.cz\/noc-stravena-v-pohodli\/","headline":"Noc str\u00e1vena v pohodl\u00ed","url":"https:\/\/www.kuru.cz\/noc-stravena-v-pohodli\/","datePublished":"2025-08-05","dateModified":"2025-08-05","mainEntityOfPage":"https:\/\/www.kuru.cz\/noc-stravena-v-pohodli\/","author":{"@type":"Person","@id":"https:\/\/www.kuru.cz\/author\/#Person","name":"","url":"https:\/\/www.kuru.cz\/author\/","identifier":1,"image":{"@type":"ImageObject","@id":"https:\/\/secure.gravatar.com\/avatar\/4860d213c5bedfa07ff2b166ff7b069759f9dbf79eae813578c75f9f8cb939b7?s=96&d=mm&r=g","url":"https:\/\/secure.gravatar.com\/avatar\/4860d213c5bedfa07ff2b166ff7b069759f9dbf79eae813578c75f9f8cb939b7?s=96&d=mm&r=g","height":96,"width":96}},"publisher":{"@type":"Organization","name":"kuru.cz","logo":{"@type":"ImageObject","@id":"\/logo.png","url":"\/logo.png","width":600,"height":60}},"image":null,"wordCount":215,"keywords":null},{"@type":"Article","@id":"https:\/\/www.kuru.cz\/nase-metody-jsou-moderni\/","headline":"Na\u0161e metody jsou modern\u00ed","url":"https:\/\/www.kuru.cz\/nase-metody-jsou-moderni\/","datePublished":"2025-07-31","dateModified":"2025-07-31","mainEntityOfPage":"https:\/\/www.kuru.cz\/nase-metody-jsou-moderni\/","author":{"@type":"Person","@id":"https:\/\/www.kuru.cz\/author\/#Person","name":"","url":"https:\/\/www.kuru.cz\/author\/","identifier":1,"image":{"@type":"ImageObject","@id":"https:\/\/secure.gravatar.com\/avatar\/4860d213c5bedfa07ff2b166ff7b069759f9dbf79eae813578c75f9f8cb939b7?s=96&d=mm&r=g","url":"https:\/\/secure.gravatar.com\/avatar\/4860d213c5bedfa07ff2b166ff7b069759f9dbf79eae813578c75f9f8cb939b7?s=96&d=mm&r=g","height":96,"width":96}},"publisher":{"@type":"Organization","name":"kuru.cz","logo":{"@type":"ImageObject","@id":"\/logo.png","url":"\/logo.png","width":600,"height":60}},"image":null,"wordCount":224,"keywords":null},{"@type":"Article","@id":"https:\/\/www.kuru.cz\/tradicni-vyroba-netradicni-doplnek\/","headline":"Tradi\u010dn\u00ed v\u00fdroba, netradi\u010dn\u00ed dopln\u011bk","url":"https:\/\/www.kuru.cz\/tradicni-vyroba-netradicni-doplnek\/","datePublished":"2025-07-26","dateModified":"2025-07-26","mainEntityOfPage":"https:\/\/www.kuru.cz\/tradicni-vyroba-netradicni-doplnek\/","author":{"@type":"Person","@id":"https:\/\/www.kuru.cz\/author\/#Person","name":"","url":"https:\/\/www.kuru.cz\/author\/","identifier":1,"image":{"@type":"ImageObject","@id":"https:\/\/secure.gravatar.com\/avatar\/4860d213c5bedfa07ff2b166ff7b069759f9dbf79eae813578c75f9f8cb939b7?s=96&d=mm&r=g","url":"https:\/\/secure.gravatar.com\/avatar\/4860d213c5bedfa07ff2b166ff7b069759f9dbf79eae813578c75f9f8cb939b7?s=96&d=mm&r=g","height":96,"width":96}},"publisher":{"@type":"Organization","name":"kuru.cz","logo":{"@type":"ImageObject","@id":"\/logo.png","url":"\/logo.png","width":600,"height":60}},"image":null,"wordCount":272,"keywords":null},{"@type":"Article","@id":"https:\/\/www.kuru.cz\/pro-vsechny\/","headline":"Pro v\u0161echny","url":"https:\/\/www.kuru.cz\/pro-vsechny\/","datePublished":"2025-07-17","dateModified":"2025-07-17","mainEntityOfPage":"https:\/\/www.kuru.cz\/pro-vsechny\/","author":{"@type":"Person","@id":"https:\/\/www.kuru.cz\/author\/#Person","name":"","url":"https:\/\/www.kuru.cz\/author\/","identifier":1,"image":{"@type":"ImageObject","@id":"https:\/\/secure.gravatar.com\/avatar\/4860d213c5bedfa07ff2b166ff7b069759f9dbf79eae813578c75f9f8cb939b7?s=96&d=mm&r=g","url":"https:\/\/secure.gravatar.com\/avatar\/4860d213c5bedfa07ff2b166ff7b069759f9dbf79eae813578c75f9f8cb939b7?s=96&d=mm&r=g","height":96,"width":96}},"publisher":{"@type":"Organization","name":"kuru.cz","logo":{"@type":"ImageObject","@id":"\/logo.png","url":"\/logo.png","width":600,"height":60}},"image":null,"wordCount":234,"keywords":null},{"@type":"Article","@id":"https:\/\/www.kuru.cz\/jednoduche-jako-facka\/","headline":"Jednoduch\u00e9 jako facka","url":"https:\/\/www.kuru.cz\/jednoduche-jako-facka\/","datePublished":"2025-07-11","dateModified":"2025-07-11","mainEntityOfPage":"https:\/\/www.kuru.cz\/jednoduche-jako-facka\/","author":{"@type":"Person","@id":"https:\/\/www.kuru.cz\/author\/#Person","name":"","url":"https:\/\/www.kuru.cz\/author\/","identifier":1,"image":{"@type":"ImageObject","@id":"https:\/\/secure.gravatar.com\/avatar\/4860d213c5bedfa07ff2b166ff7b069759f9dbf79eae813578c75f9f8cb939b7?s=96&d=mm&r=g","url":"https:\/\/secure.gravatar.com\/avatar\/4860d213c5bedfa07ff2b166ff7b069759f9dbf79eae813578c75f9f8cb939b7?s=96&d=mm&r=g","height":96,"width":96}},"publisher":{"@type":"Organization","name":"kuru.cz","logo":{"@type":"ImageObject","@id":"\/logo.png","url":"\/logo.png","width":600,"height":60}},"image":null,"wordCount":233,"keywords":null},{"@type":"Article","@id":"https:\/\/www.kuru.cz\/jaky-material-na-plot-zvolit\/","headline":"Jak\u00fd materi\u00e1l na plot zvolit","url":"https:\/\/www.kuru.cz\/jaky-material-na-plot-zvolit\/","datePublished":"2025-07-06","dateModified":"2025-07-06","mainEntityOfPage":"https:\/\/www.kuru.cz\/jaky-material-na-plot-zvolit\/","author":{"@type":"Person","@id":"https:\/\/www.kuru.cz\/author\/#Person","name":"","url":"https:\/\/www.kuru.cz\/author\/","identifier":1,"image":{"@type":"ImageObject","@id":"https:\/\/secure.gravatar.com\/avatar\/4860d213c5bedfa07ff2b166ff7b069759f9dbf79eae813578c75f9f8cb939b7?s=96&d=mm&r=g","url":"https:\/\/secure.gravatar.com\/avatar\/4860d213c5bedfa07ff2b166ff7b069759f9dbf79eae813578c75f9f8cb939b7?s=96&d=mm&r=g","height":96,"width":96}},"publisher":{"@type":"Organization","name":"kuru.cz","logo":{"@type":"ImageObject","@id":"\/logo.png","url":"\/logo.png","width":600,"height":60}},"image":{"@type":"ImageObject","@id":"https:\/\/www.kuru.cz\/wp-content\/uploads\/fence-4955570_640.jpg","url":"https:\/\/www.kuru.cz\/wp-content\/uploads\/fence-4955570_640.jpg","height":0,"width":0},"wordCount":608,"keywords":null}]},{"@context":"https:\/\/schema.org","@type":"WebSite","@id":"https:\/\/www.kuru.cz\/#website","name":"Kuru","url":"https:\/\/www.kuru.cz","potentialAction":{"@type":"SearchAction","target":"https:\/\/www.kuru.cz\/?s={search_term_string}","query-input":"required name=search_term_string"}}]